{"id":29450,"date":"2026-01-18T21:20:19","date_gmt":"2026-01-19T02:20:19","guid":{"rendered":"https:\/\/deev.pe\/?p=29450"},"modified":"2026-02-03T16:25:26","modified_gmt":"2026-02-03T21:25:26","slug":"presentamos-nuestros-congresos-del-2026-construyamos-juntos-la-mineria-del-futuro","status":"publish","type":"post","link":"https:\/\/deev.pe\/en\/presentamos-nuestros-congresos-del-2026-construyamos-juntos-la-mineria-del-futuro\/","title":{"rendered":"Agenda 2026: 10 a\u00f1os construyendo juntos la miner\u00eda del futuro"},"content":{"rendered":"<p>The <strong>2026 representa para DEEV 10 a\u00f1os impulsando las buenas pr\u00e1cticas en la miner\u00eda<\/strong>, creando espacios donde el conocimiento t\u00e9cnico se convierte en acci\u00f3n y las ideas en soluciones reales. A lo largo de esta d\u00e9cada, hemos trabajado para <strong>conectar a autoridades, profesionales del sector y proveedores estrat\u00e9gicos<\/strong>, fomentando un di\u00e1logo constructivo que contribuye al desarrollo de una miner\u00eda cada vez m\u00e1s sostenible y preparada para el futuro.<\/p>\n\n\n\n<p>Cada congreso que organizamos nace de escuchar a la industria, de entender sus desaf\u00edos reales y de creer firmemente que el conocimiento compartido tiene el poder de transformar. Por eso, presentamos con especial orgullo nuestra <strong>agenda de congresos 2026<\/strong>, una invitaci\u00f3n a reencontrarnos y seguir construyendo juntos la miner\u00eda del futuro.<\/p>\n\n\n\n<p>Iniciaremos el a\u00f1o como <strong>impulsando el CIIT Latam Congress 2026<\/strong>, que se realizar\u00e1 los <strong>26 y 27 de marzo<\/strong>, un espacio donde se abordar\u00e1n soluciones tecnol\u00f3gicas para la miner\u00eda, energ\u00eda e industria.<\/p>\n\n\n\n<p>Los d\u00edas<strong> 23 y 24 de abril<\/strong>, el <strong>2 \u00b0 Congreso CIERRE DE MINAS Per\u00fa 2026<\/strong> nos convocar\u00e1 a <strong>analizar los desaf\u00edos y oportunidades de los proyectos de transici\u00f3n hacia un cierre responsable y sostenible.<\/strong> Desde el dise\u00f1o de los proyectos hasta la construcci\u00f3n de un legado positivo, se integrar\u00e1n criterios t\u00e9cnicos, ambientales, sociales y econ\u00f3micos que reflejan una miner\u00eda moderna, innovadora y comprometida con su entorno.<\/p>\n\n\n\n<p>Los<strong> Congresos APC | T&amp;T Per\u00fa 2026<\/strong>, que se realizar\u00e1n los d\u00edas <strong>16 y 17 de julio<\/strong>, ser\u00e1n un espacio clave para profundizar en la <strong>innovaci\u00f3n y optimizaci\u00f3n de los procesos metal\u00fargicos<\/strong>, abordando de manera integral el transporte, conminuci\u00f3n, molienda, flotaci\u00f3n y lixiviaci\u00f3n. A trav\u00e9s de presentaciones t\u00e9cnicas, casos de \u00e9xito y discusiones especializadas, ambos congresos pondr\u00e1n en el centro la <strong>innovaci\u00f3n en la operaci\u00f3n y la ingenier\u00eda<\/strong>, destacando soluciones alineadas con los desaf\u00edos actuales y futuros de la industria.<\/p>\n\n\n\n<p>Cerraremos el a\u00f1o los d\u00edas <strong>15 y 16 de octubre<\/strong> con el <strong>11.\u00b0 Congreso RELAVES Per\u00fa 2026<\/strong>, una edici\u00f3n que contin\u00faa consolidando a este encuentro como el <strong>evento t\u00e9cnico m\u00e1s importante de la regi\u00f3n en gesti\u00f3n de relaves<\/strong>. A lo largo de m\u00e1s de una d\u00e9cada, RELAVES Per\u00fa se ha posicionado como el principal espacio para la discusi\u00f3n especializada sobre <strong>innovaci\u00f3n en la operaci\u00f3n, la ingenier\u00eda y la seguridad<\/strong>.<\/p>\n\n\n\n<p>Resaltamos que <strong>todos nuestros congresos 2026<\/strong> incorporar\u00e1n el <strong>Premio a la Mejor Presentaci\u00f3n del Congreso<\/strong>, una iniciativa orientada a reconocer la calidad t\u00e9cnica, la innovaci\u00f3n y el aporte al desarrollo de la industria minera. Adicionalmente desarrollaremos la din\u00e1mica <strong>\u201cMina de Ideas\u201d<\/strong>, un espacio colaborativo que promueve el trabajo en equipo y la interacci\u00f3n entre participantes, comit\u00e9 y speakers, incentivando el intercambio de ideas y la construcci\u00f3n conjunta de soluciones para los desaf\u00edos del sector.Cumplir <strong>10 a\u00f1os<\/strong> nos emociona y nos impulsa a seguir creando espacios donde el conocimiento se comparte, las alianzas se fortalecen y la <strong>miner\u00eda del futuro se construye, juntos<\/strong>.<\/p>","protected":false},"excerpt":{"rendered":"<p>El 2026 representa para DEEV 10 a\u00f1os impulsando las buenas pr\u00e1cticas en la miner\u00eda, creando espacios donde el conocimiento t\u00e9cnico se convierte en acci\u00f3n y las ideas en soluciones reales. A lo largo de esta d\u00e9cada, hemos trabajado para conectar a autoridades, profesionales del sector y proveedores estrat\u00e9gicos, fomentando un di\u00e1logo constructivo que contribuye al [&hellip;]<\/p>","protected":false},"author":1,"featured_media":29761,"comment_status":"closed","ping_status":"closed","sticky":false,"template":"","format":"standard","meta":{"_acf_changed":false,"footnotes":""},"categories":[1],"tags":[],"class_list":["post-29450","post","type-post","status-publish","format-standard","has-post-thumbnail","hentry","category-sin-categoria"],"acf":[],"_links":{"self":[{"href":"https:\/\/deev.pe\/en\/wp-json\/wp\/v2\/posts\/29450","targetHints":{"allow":["GET"]}}],"collection":[{"href":"https:\/\/deev.pe\/en\/wp-json\/wp\/v2\/posts"}],"about":[{"href":"https:\/\/deev.pe\/en\/wp-json\/wp\/v2\/types\/post"}],"author":[{"embeddable":true,"href":"https:\/\/deev.pe\/en\/wp-json\/wp\/v2\/users\/1"}],"replies":[{"embeddable":true,"href":"https:\/\/deev.pe\/en\/wp-json\/wp\/v2\/comments?post=29450"}],"version-history":[{"count":0,"href":"https:\/\/deev.pe\/en\/wp-json\/wp\/v2\/posts\/29450\/revisions"}],"wp:featuredmedia":[{"embeddable":true,"href":"https:\/\/deev.pe\/en\/wp-json\/wp\/v2\/media\/29761"}],"wp:attachment":[{"href":"https:\/\/deev.pe\/en\/wp-json\/wp\/v2\/media?parent=29450"}],"wp:term":[{"taxonomy":"category","embeddable":true,"href":"https:\/\/deev.pe\/en\/wp-json\/wp\/v2\/categories?post=29450"},{"taxonomy":"post_tag","embeddable":true,"href":"https:\/\/deev.pe\/en\/wp-json\/wp\/v2\/tags?post=29450"}],"curies":[{"name":"wp","href":"https:\/\/api.w.org\/{rel}","templated":true}]}}